{"id":1,"date":"2022-02-02T03:48:00","date_gmt":"2022-02-02T03:48:00","guid":{"rendered":"https:\/\/bergkapellebadbleiberg.at\/bk_wpress\/?p=1"},"modified":"2022-08-29T09:35:42","modified_gmt":"2022-08-29T09:35:42","slug":"hello-world","status":"publish","type":"post","link":"https:\/\/bergkapellebadbleiberg.at\/bk_wpress\/hello-world\/","title":{"rendered":"Neue Homepage"},"content":{"rendered":"\t\t<div data-elementor-type=\"wp-post\" data-elementor-id=\"1\" class=\"elementor elementor-1\">\n\t\t\t\t\t\t<section class=\"elementor-section elementor-top-section elementor-element elementor-element-3a14f4fa elementor-section-boxed elementor-section-height-default elementor-section-height-default\" data-id=\"3a14f4fa\" data-element_type=\"section\">\n\t\t\t\t\t\t<div class=\"elementor-container elementor-column-gap-default\">\n\t\t\t\t\t<div class=\"elementor-column elementor-col-100 elementor-top-column elementor-element elementor-element-2e7ec016\" data-id=\"2e7ec016\" data-element_type=\"column\">\n\t\t\t<div class=\"elementor-widget-wrap elementor-element-populated\">\n\t\t\t\t\t\t<div class=\"elementor-element elementor-element-5e0872d5 elementor-widget elementor-widget-text-editor\" data-id=\"5e0872d5\" data-element_type=\"widget\" data-widget_type=\"text-editor.default\">\n\t\t\t\t<div class=\"elementor-widget-container\">\n\t\t\t\t\t\t\t<p>Lange Zeit wurde unsere Webseite nicht mehr gewartet. Doch nun wurde sie general\u00fcberholt und freut sich \u00fcber ihr Comeback. <br \/>Die Bergkapelle Bad Bleiberg w\u00fcnscht Ihnen viel Spa\u00df mit unserer neuen Homepage.<\/p>\t\t\t\t\t\t<\/div>\n\t\t\t\t<\/div>\n\t\t\t\t\t<\/div>\n\t\t<\/div>\n\t\t\t\t\t<\/div>\n\t\t<\/section>\n\t\t\t\t<section class=\"elementor-section elementor-top-section elementor-element elementor-element-7db63b5 elementor-section-boxed elementor-section-height-default elementor-section-height-default\" data-id=\"7db63b5\" data-element_type=\"section\">\n\t\t\t\t\t\t<div class=\"elementor-container elementor-column-gap-default\">\n\t\t\t\t\t<div class=\"elementor-column elementor-col-100 elementor-top-column elementor-element elementor-element-df395b1\" data-id=\"df395b1\" data-element_type=\"column\">\n\t\t\t<div class=\"elementor-widget-wrap elementor-element-populated\">\n\t\t\t\t\t\t<div class=\"elementor-element elementor-element-a80ef1e elementor-widget elementor-widget-image\" data-id=\"a80ef1e\" data-element_type=\"widget\" data-widget_type=\"image.default\">\n\t\t\t\t<div class=\"elementor-widget-container\">\n\t\t\t\t\t\t\t\t\t\t\t\t\t<img fetchpriority=\"high\" decoding=\"async\" width=\"843\" height=\"562\" src=\"https:\/\/bergkapellebadbleiberg.at\/bk_wpress\/wp-content\/uploads\/2022\/01\/Gruppenbild-1024x683.jpg\" class=\"attachment-large size-large wp-image-46\" alt=\"\" srcset=\"https:\/\/bergkapellebadbleiberg.at\/bk_wpress\/wp-content\/uploads\/2022\/01\/Gruppenbild-1024x683.jpg 1024w, https:\/\/bergkapellebadbleiberg.at\/bk_wpress\/wp-content\/uploads\/2022\/01\/Gruppenbild-300x200.jpg 300w, https:\/\/bergkapellebadbleiberg.at\/bk_wpress\/wp-content\/uploads\/2022\/01\/Gruppenbild-768x512.jpg 768w, https:\/\/bergkapellebadbleiberg.at\/bk_wpress\/wp-content\/uploads\/2022\/01\/Gruppenbild-1536x1024.jpg 1536w, https:\/\/bergkapellebadbleiberg.at\/bk_wpress\/wp-content\/uploads\/2022\/01\/Gruppenbild.jpg 2048w\" sizes=\"(max-width: 843px) 100vw, 843px\" \/>\t\t\t\t\t\t\t\t\t\t\t\t\t<\/div>\n\t\t\t\t<\/div>\n\t\t\t\t\t<\/div>\n\t\t<\/div>\n\t\t\t\t\t<\/div>\n\t\t<\/section>\n\t\t\t\t<\/div>\n\t\t","protected":false},"excerpt":{"rendered":"<p>Lange Zeit wurde unsere Webseite nicht mehr gewartet. Doch nun wurde sie general\u00fcberholt und freut sich \u00fcber ihr Comeback. Die Bergkapelle Bad Bleiberg w\u00fcnscht Ihnen&hellip;<\/p>\n","protected":false},"author":1,"featured_media":0,"comment_status":"open","ping_status":"open","sticky":false,"template":"","format":"standard","meta":{"footnotes":""},"categories":[4],"tags":[],"class_list":["post-1","post","type-post","status-publish","format-standard","hentry","category-allgemein"],"_links":{"self":[{"href":"https:\/\/bergkapellebadbleiberg.at\/bk_wpress\/wp-json\/wp\/v2\/posts\/1","targetHints":{"allow":["GET"]}}],"collection":[{"href":"https:\/\/bergkapellebadbleiberg.at\/bk_wpress\/wp-json\/wp\/v2\/posts"}],"about":[{"href":"https:\/\/bergkapellebadbleiberg.at\/bk_wpress\/wp-json\/wp\/v2\/types\/post"}],"author":[{"embeddable":true,"href":"https:\/\/bergkapellebadbleiberg.at\/bk_wpress\/wp-json\/wp\/v2\/users\/1"}],"replies":[{"embeddable":true,"href":"https:\/\/bergkapellebadbleiberg.at\/bk_wpress\/wp-json\/wp\/v2\/comments?post=1"}],"version-history":[{"count":19,"href":"https:\/\/bergkapellebadbleiberg.at\/bk_wpress\/wp-json\/wp\/v2\/posts\/1\/revisions"}],"predecessor-version":[{"id":1786,"href":"https:\/\/bergkapellebadbleiberg.at\/bk_wpress\/wp-json\/wp\/v2\/posts\/1\/revisions\/1786"}],"wp:attachment":[{"href":"https:\/\/bergkapellebadbleiberg.at\/bk_wpress\/wp-json\/wp\/v2\/media?parent=1"}],"wp:term":[{"taxonomy":"category","embeddable":true,"href":"https:\/\/bergkapellebadbleiberg.at\/bk_wpress\/wp-json\/wp\/v2\/categories?post=1"},{"taxonomy":"post_tag","embeddable":true,"href":"https:\/\/bergkapellebadbleiberg.at\/bk_wpress\/wp-json\/wp\/v2\/tags?post=1"}],"curies":[{"name":"wp","href":"https:\/\/api.w.org\/{rel}","templated":true}]}}