{"id":790,"date":"2022-02-10T11:49:44","date_gmt":"2022-02-10T11:49:44","guid":{"rendered":"https:\/\/bergkapellebadbleiberg.at\/bk_wpress\/?p=790"},"modified":"2022-04-11T08:16:22","modified_gmt":"2022-04-11T08:16:22","slug":"da-blechhaufn-in-bad-bleiberg","status":"publish","type":"post","link":"https:\/\/bergkapellebadbleiberg.at\/bk_wpress\/da-blechhaufn-in-bad-bleiberg\/","title":{"rendered":"&#8222;da Blechhauf`n&#8220; in Bad Bleiberg"},"content":{"rendered":"\t\t<div data-elementor-type=\"wp-post\" data-elementor-id=\"790\" class=\"elementor elementor-790\">\n\t\t\t\t\t\t<section class=\"elementor-section elementor-top-section elementor-element elementor-element-d32b5f5 elementor-section-boxed elementor-section-height-default elementor-section-height-default\" data-id=\"d32b5f5\" data-element_type=\"section\">\n\t\t\t\t\t\t<div class=\"elementor-container elementor-column-gap-default\">\n\t\t\t\t\t<div class=\"elementor-column elementor-col-100 elementor-top-column elementor-element elementor-element-30983eb\" data-id=\"30983eb\" data-element_type=\"column\">\n\t\t\t<div class=\"elementor-widget-wrap elementor-element-populated\">\n\t\t\t\t\t\t<div class=\"elementor-element elementor-element-43c1e76 elementor-widget elementor-widget-text-editor\" data-id=\"43c1e76\" data-element_type=\"widget\" data-widget_type=\"text-editor.default\">\n\t\t\t\t<div class=\"elementor-widget-container\">\n\t\t\t\t\t\t\t<p>Anl\u00e4sslich unseres 230-j\u00e4hrigen Bestandsjubil\u00e4ums haben wir uns selbst ein Geschenk gemacht und &#8222;da Blechhauf`n&#8220; zu uns eingeladen.<\/p>\n<p>Am 21. Mai 2022 pr\u00e4sentiert &#8222;da Blechhauf`n&#8220; das neue Programm &#8222;Well Done&#8220; in der Perscha Zeche in Bad Bleiberg.<\/p>\n<p>N\u00e4here Informationen erh\u00e4lt Ihr <a href=\"https:\/\/www.bergkapellebadbleiberg.at\/da-blechhaufn\">hier<\/a><\/p>\n<p><img fetchpriority=\"high\" decoding=\"async\" class=\"size-medium wp-image-779 aligncenter\" src=\"https:\/\/bergkapellebadbleiberg.at\/bk_wpress\/wp-content\/uploads\/2022\/02\/Bildschirmfoto-2022-02-10-um-07.23.31-212x300.png\" alt=\"\" width=\"212\" height=\"300\" srcset=\"https:\/\/bergkapellebadbleiberg.at\/bk_wpress\/wp-content\/uploads\/2022\/02\/Bildschirmfoto-2022-02-10-um-07.23.31-212x300.png 212w, https:\/\/bergkapellebadbleiberg.at\/bk_wpress\/wp-content\/uploads\/2022\/02\/Bildschirmfoto-2022-02-10-um-07.23.31-725x1024.png 725w, https:\/\/bergkapellebadbleiberg.at\/bk_wpress\/wp-content\/uploads\/2022\/02\/Bildschirmfoto-2022-02-10-um-07.23.31.png 754w\" sizes=\"(max-width: 212px) 100vw, 212px\" \/><\/p>\t\t\t\t\t\t<\/div>\n\t\t\t\t<\/div>\n\t\t\t\t\t<\/div>\n\t\t<\/div>\n\t\t\t\t\t<\/div>\n\t\t<\/section>\n\t\t\t\t<\/div>\n\t\t","protected":false},"excerpt":{"rendered":"<p>Anl\u00e4sslich unseres 230-j\u00e4hrigen Bestandsjubil\u00e4ums haben wir uns selbst ein Geschenk gemacht und &#8222;da Blechhauf`n&#8220; zu uns eingeladen. Am 21. Mai 2022 pr\u00e4sentiert &#8222;da Blechhauf`n&#8220; das&hellip;<\/p>\n","protected":false},"author":1,"featured_media":0,"comment_status":"open","ping_status":"open","sticky":false,"template":"","format":"standard","meta":{"footnotes":""},"categories":[5],"tags":[],"class_list":["post-790","post","type-post","status-publish","format-standard","hentry","category-230-jahre-bergkapelle"],"_links":{"self":[{"href":"https:\/\/bergkapellebadbleiberg.at\/bk_wpress\/wp-json\/wp\/v2\/posts\/790","targetHints":{"allow":["GET"]}}],"collection":[{"href":"https:\/\/bergkapellebadbleiberg.at\/bk_wpress\/wp-json\/wp\/v2\/posts"}],"about":[{"href":"https:\/\/bergkapellebadbleiberg.at\/bk_wpress\/wp-json\/wp\/v2\/types\/post"}],"author":[{"embeddable":true,"href":"https:\/\/bergkapellebadbleiberg.at\/bk_wpress\/wp-json\/wp\/v2\/users\/1"}],"replies":[{"embeddable":true,"href":"https:\/\/bergkapellebadbleiberg.at\/bk_wpress\/wp-json\/wp\/v2\/comments?post=790"}],"version-history":[{"count":25,"href":"https:\/\/bergkapellebadbleiberg.at\/bk_wpress\/wp-json\/wp\/v2\/posts\/790\/revisions"}],"predecessor-version":[{"id":1050,"href":"https:\/\/bergkapellebadbleiberg.at\/bk_wpress\/wp-json\/wp\/v2\/posts\/790\/revisions\/1050"}],"wp:attachment":[{"href":"https:\/\/bergkapellebadbleiberg.at\/bk_wpress\/wp-json\/wp\/v2\/media?parent=790"}],"wp:term":[{"taxonomy":"category","embeddable":true,"href":"https:\/\/bergkapellebadbleiberg.at\/bk_wpress\/wp-json\/wp\/v2\/categories?post=790"},{"taxonomy":"post_tag","embeddable":true,"href":"https:\/\/bergkapellebadbleiberg.at\/bk_wpress\/wp-json\/wp\/v2\/tags?post=790"}],"curies":[{"name":"wp","href":"https:\/\/api.w.org\/{rel}","templated":true}]}}